{"id":18877,"date":"2025-02-02T20:46:26","date_gmt":"2025-02-02T19:46:26","guid":{"rendered":"https:\/\/beatrice-mueller.de\/beatrice-mueller-celebrates-the-1st-birthday-of-cunz-x-on-tv\/"},"modified":"2025-02-02T20:46:27","modified_gmt":"2025-02-02T19:46:27","slug":"beatrice-mueller-celebrates-the-1st-birthday-of-cunz-x-on-tv","status":"publish","type":"post","link":"https:\/\/beatrice-mueller.de\/en\/beatrice-mueller-celebrates-the-1st-birthday-of-cunz-x-on-tv\/","title":{"rendered":"Beatrice M\u00fcller celebrates the 1st birthday of CuNz-x on TV"},"content":{"rendered":"<p>On Monday, 08.03.2021, a television team will visit Beatrice M\u00fcller in her creative studio in Stein, Hauptstra\u00dfe 51. Among other things, the filming will be for the planned appearance on <strong>RTL<\/strong> and <strong>Sat1<\/strong>. Following the <a href=\"https:\/\/beatrice-mueller.de\/mutmacher-corona-schmuck\/\">successful television appearance of the jewelry designer and master goldsmith on the Hamburg 1 television station<\/a> in February 2021, a team is now filming a portrait of the artist and her collections directly in her studio and workshop. The new art collection CuNz-x celebrates its birthday with television after 365 days. The collection &#8211; made of brass &#8211; has been declared anti-Corona jewelry and CourageMaker 2021! Jewelry is not decoration and the wearer is not an advertising pillar. With Beatrice M\u00fcller, jewelry speaks with its own idiom! Works by Beatrice M\u00fcller are represented in the <a href=\"http:\/\/www.stuartmoore.com\/\" target=\"_blank\" rel=\"noopener noreferrer\">Stuart Moor Gallery<\/a> in New York, among others, and have been awarded by the Platinum Guild. Now, for the first time, a film is being made about all the HighLights. <a href=\"https:\/\/www.gartenwelt-dauchenbeck.de\/\" target=\"_blank\" rel=\"noopener noreferrer\">Gartenwelt Dauchenbeck<\/a> from Stein is providing the lush plant decorations for the garden and park surrounding the artist&#8217;s studio, and the outdoor jewelry showcases are newly stocked and visible. Visitors will receive vouchers from the studio <strong>from 09.03.2021<\/strong> until the end of the month. You can also visit the <\/p>\n<p>  <strong>Take plants from 8.3. free of charge <\/strong>  (only while stocks last). Under the motto &#8220;Paradise is growth out of itself&#8221;, a strong connection is to be made on site in stone between art and garden in order to get through the pandemic as positively and strengthened as possible. <\/p>\n<p>&nbsp;<\/p>\n<h2>How to find the studio:<\/h2>\n<p>Hauptstra\u00dfe 51, 90547 Stein<\/p>\n<div  class='av_gmaps_sc_main_wrap av_gmaps_main_wrap '><div id='av_gmap_0' class='avia-google-map-container avia-google-map-sc av_gmaps_show_unconditionally av-no-fallback-img ' data-mapid='av_gmap_0'  style='height: 400px;'><a class=\"av_gmaps_browser_disabled av_text_confirm_link av_text_confirm_link_visible\" href=\"https:\/\/www.google.com\/maps\/search\/?api=1&#038;query=Main%20street%2051%2090547%20Stone%20%20Germany\" target=\"_blank\" rel=\"noopener\">Maps were disabled by the visitor on this site. Click to open the map in a new window.<\/a><\/div><\/div>\n<p>&nbsp;<\/p>\n<div  class='avia-buttonrow-wrap av-tre50-0d2ba3a1ca01ab7fbe43ee73cf351156 avia-buttonrow-center  avia-builder-el-1  el_after_av_google_map  avia-builder-el-no-sibling '>\n\n<style type=\"text\/css\" data-created_by=\"avia_inline_auto\" id=\"style-css-av-igppg-89f15593c92c341072fcb8605c030dc7\">\n#top #wrap_all .avia-button.av-igppg-89f15593c92c341072fcb8605c030dc7{\nmargin-bottom:5px;\nmargin-right:3px;\nmargin-left:3px;\n}\n<\/style>\n<a href='https:\/\/www.cunz-x.shop\/' class='avia-button av-igppg-89f15593c92c341072fcb8605c030dc7 avia-icon_select-yes-right-icon avia-size-large avia-color-theme-color' target=\"_blank\" rel=\"noopener noreferrer\" aria-label=\"To the CuNz store\"><span class='avia_iconbox_title' >To the CuNz store<\/span><span class='avia_button_icon avia_button_icon_right' aria-hidden='true' data-av_icon='\ue835' data-av_iconfont='entypo-fontello'><\/span><\/a>\n\n<style type=\"text\/css\" data-created_by=\"avia_inline_auto\" id=\"style-css-av-1mm9g-f231bd02a593b87833c658e03afc29e6\">\n#top #wrap_all .avia-button.av-1mm9g-f231bd02a593b87833c658e03afc29e6{\nmargin-bottom:5px;\nmargin-right:3px;\nmargin-left:3px;\n}\n<\/style>\n<a href='http:\/\/www.schmuck-design-objekte.de\/' class='avia-button av-1mm9g-f231bd02a593b87833c658e03afc29e6 avia-icon_select-yes-right-icon avia-size-large avia-color-theme-color' target=\"_blank\" rel=\"noopener noreferrer\" aria-label=\"To the studio\"><span class='avia_iconbox_title' >To the studio<\/span><span class='avia_button_icon avia_button_icon_right' aria-hidden='true' data-av_icon='\ue835' data-av_iconfont='entypo-fontello'><\/span><\/a>\n\n<style type=\"text\/css\" data-created_by=\"avia_inline_auto\" id=\"style-css-av-80zh0-ee48a6ee28e4e47a899057358dbbccce\">\n#top #wrap_all .avia-button.av-80zh0-ee48a6ee28e4e47a899057358dbbccce{\nmargin-bottom:5px;\nmargin-right:3px;\nmargin-left:3px;\n}\n<\/style>\n<a href='https:\/\/www.google.com\/maps\/place\/Atelier+Schmuck+Design+Objekte+Beatrice+M%C3%BCller\/@49.4117,11.0092249,15z\/data=!4m5!3m4!1s0x0:0xdaa55bba8929f3c5!8m2!3d49.4117!4d11.0092249' class='avia-button av-80zh0-ee48a6ee28e4e47a899057358dbbccce avia-icon_select-yes-right-icon avia-size-large avia-color-theme-color' target=\"_blank\" rel=\"noopener noreferrer\" aria-label=\"Web description via Google Maps\"><span class='avia_iconbox_title' >Web description via Google Maps<\/span><span class='avia_button_icon avia_button_icon_right' aria-hidden='true' data-av_icon='\ue835' data-av_iconfont='entypo-fontello'><\/span><\/a>\n<\/div>\n","protected":false},"excerpt":{"rendered":"<p>On Monday, 08.03.2021, a television team will visit Beatrice M\u00fcller in her creative studio in Stein, Hauptstra\u00dfe 51. Among other things, the filming will be for the planned appearance on RTL and Sat1. Following the successful television appearance of the jewelry designer and master goldsmith on the Hamburg 1 television station in February 2021, a [&hellip;]<\/p>\n","protected":false},"author":1,"featured_media":3530,"comment_status":"closed","ping_status":"closed","sticky":false,"template":"","format":"standard","meta":{"_glsr_average":0,"_glsr_ranking":0,"_glsr_reviews":0,"footnotes":""},"categories":[465,467,466],"tags":[],"class_list":["post-18877","post","type-post","status-publish","format-standard","has-post-thumbnail","hentry","category-beatrice-mueller-en","category-beatrice-mueller-speaker-en","category-cunz-en"],"yoast_head":"<!-- This site is optimized with the Yoast SEO plugin v25.6 - https:\/\/yoast.com\/wordpress\/plugins\/seo\/ -->\n<title>Beatrice M\u00fcller celebrates the 1st birthday of CuNz-x on TV - Beatrice M\u00fcller<\/title>\n<meta name=\"robots\" content=\"index, follow, max-snippet:-1, max-image-preview:large, max-video-preview:-1\" \/>\n<link rel=\"canonical\" href=\"https:\/\/beatrice-mueller.de\/en\/beatrice-mueller-celebrates-the-1st-birthday-of-cunz-x-on-tv\/\" \/>\n<meta property=\"og:locale\" content=\"en_US\" \/>\n<meta property=\"og:type\" content=\"article\" \/>\n<meta property=\"og:title\" content=\"Beatrice M\u00fcller celebrates the 1st birthday of CuNz-x on TV - Beatrice M\u00fcller\" \/>\n<meta property=\"og:description\" content=\"On Monday, 08.03.2021, a television team will visit Beatrice M\u00fcller in her creative studio in Stein, Hauptstra\u00dfe 51. Among other things, the filming will be for the planned appearance on RTL and Sat1. Following the successful television appearance of the jewelry designer and master goldsmith on the Hamburg 1 television station in February 2021, a [&hellip;]\" \/>\n<meta property=\"og:url\" content=\"https:\/\/beatrice-mueller.de\/en\/beatrice-mueller-celebrates-the-1st-birthday-of-cunz-x-on-tv\/\" \/>\n<meta property=\"og:site_name\" content=\"Beatrice M\u00fcller\" \/>\n<meta property=\"article:published_time\" content=\"2025-02-02T19:46:26+00:00\" \/>\n<meta property=\"article:modified_time\" content=\"2025-02-02T19:46:27+00:00\" \/>\n<meta property=\"og:image\" content=\"https:\/\/beatrice-mueller.de\/wp-content\/uploads\/2021\/02\/mutmacherschmuck-corona-1030x685.jpg\" \/>\n\t<meta property=\"og:image:width\" content=\"1030\" \/>\n\t<meta property=\"og:image:height\" content=\"685\" \/>\n\t<meta property=\"og:image:type\" content=\"image\/jpeg\" \/>\n<meta name=\"author\" content=\"gestaltraeume\" \/>\n<meta name=\"twitter:card\" content=\"summary_large_image\" \/>\n<meta name=\"twitter:label1\" content=\"Written by\" \/>\n\t<meta name=\"twitter:data1\" content=\"gestaltraeume\" \/>\n\t<meta name=\"twitter:label2\" content=\"Est. reading time\" \/>\n\t<meta name=\"twitter:data2\" content=\"3 minutes\" \/>\n<script type=\"application\/ld+json\" class=\"yoast-schema-graph\">{\"@context\":\"https:\/\/schema.org\",\"@graph\":[{\"@type\":\"WebPage\",\"@id\":\"https:\/\/beatrice-mueller.de\/en\/beatrice-mueller-celebrates-the-1st-birthday-of-cunz-x-on-tv\/\",\"url\":\"https:\/\/beatrice-mueller.de\/en\/beatrice-mueller-celebrates-the-1st-birthday-of-cunz-x-on-tv\/\",\"name\":\"Beatrice M\u00fcller celebrates the 1st birthday of CuNz-x on TV - Beatrice M\u00fcller\",\"isPartOf\":{\"@id\":\"https:\/\/beatrice-mueller.de\/en\/#website\"},\"primaryImageOfPage\":{\"@id\":\"https:\/\/beatrice-mueller.de\/en\/beatrice-mueller-celebrates-the-1st-birthday-of-cunz-x-on-tv\/#primaryimage\"},\"image\":{\"@id\":\"https:\/\/beatrice-mueller.de\/en\/beatrice-mueller-celebrates-the-1st-birthday-of-cunz-x-on-tv\/#primaryimage\"},\"thumbnailUrl\":\"https:\/\/beatrice-mueller.de\/wp-content\/uploads\/2021\/02\/mutmacherschmuck-corona-scaled.jpg\",\"datePublished\":\"2025-02-02T19:46:26+00:00\",\"dateModified\":\"2025-02-02T19:46:27+00:00\",\"author\":{\"@id\":\"https:\/\/beatrice-mueller.de\/en\/#\/schema\/person\/1e6ef6ad64092b9360888930bf3500a4\"},\"breadcrumb\":{\"@id\":\"https:\/\/beatrice-mueller.de\/en\/beatrice-mueller-celebrates-the-1st-birthday-of-cunz-x-on-tv\/#breadcrumb\"},\"inLanguage\":\"en-US\",\"potentialAction\":[{\"@type\":\"ReadAction\",\"target\":[\"https:\/\/beatrice-mueller.de\/en\/beatrice-mueller-celebrates-the-1st-birthday-of-cunz-x-on-tv\/\"]}]},{\"@type\":\"ImageObject\",\"inLanguage\":\"en-US\",\"@id\":\"https:\/\/beatrice-mueller.de\/en\/beatrice-mueller-celebrates-the-1st-birthday-of-cunz-x-on-tv\/#primaryimage\",\"url\":\"https:\/\/beatrice-mueller.de\/wp-content\/uploads\/2021\/02\/mutmacherschmuck-corona-scaled.jpg\",\"contentUrl\":\"https:\/\/beatrice-mueller.de\/wp-content\/uploads\/2021\/02\/mutmacherschmuck-corona-scaled.jpg\",\"width\":2560,\"height\":1702},{\"@type\":\"BreadcrumbList\",\"@id\":\"https:\/\/beatrice-mueller.de\/en\/beatrice-mueller-celebrates-the-1st-birthday-of-cunz-x-on-tv\/#breadcrumb\",\"itemListElement\":[{\"@type\":\"ListItem\",\"position\":1,\"name\":\"Startseite\",\"item\":\"https:\/\/beatrice-mueller.de\/en\/\"},{\"@type\":\"ListItem\",\"position\":2,\"name\":\"Beatrice M\u00fcller celebrates the 1st birthday of CuNz-x on TV\"}]},{\"@type\":\"WebSite\",\"@id\":\"https:\/\/beatrice-mueller.de\/en\/#website\",\"url\":\"https:\/\/beatrice-mueller.de\/en\/\",\"name\":\"Beatrice M\u00fcller\",\"description\":\"Schmuckdesign\",\"potentialAction\":[{\"@type\":\"SearchAction\",\"target\":{\"@type\":\"EntryPoint\",\"urlTemplate\":\"https:\/\/beatrice-mueller.de\/en\/?s={search_term_string}\"},\"query-input\":{\"@type\":\"PropertyValueSpecification\",\"valueRequired\":true,\"valueName\":\"search_term_string\"}}],\"inLanguage\":\"en-US\"},{\"@type\":\"Person\",\"@id\":\"https:\/\/beatrice-mueller.de\/en\/#\/schema\/person\/1e6ef6ad64092b9360888930bf3500a4\",\"name\":\"gestaltraeume\",\"sameAs\":[\"https:\/\/beatrice-mueller.de\"]}]}<\/script>\n<!-- \/ Yoast SEO plugin. -->","yoast_head_json":{"title":"Beatrice M\u00fcller celebrates the 1st birthday of CuNz-x on TV - Beatrice M\u00fcller","robots":{"index":"index","follow":"follow","max-snippet":"max-snippet:-1","max-image-preview":"max-image-preview:large","max-video-preview":"max-video-preview:-1"},"canonical":"https:\/\/beatrice-mueller.de\/en\/beatrice-mueller-celebrates-the-1st-birthday-of-cunz-x-on-tv\/","og_locale":"en_US","og_type":"article","og_title":"Beatrice M\u00fcller celebrates the 1st birthday of CuNz-x on TV - Beatrice M\u00fcller","og_description":"On Monday, 08.03.2021, a television team will visit Beatrice M\u00fcller in her creative studio in Stein, Hauptstra\u00dfe 51. Among other things, the filming will be for the planned appearance on RTL and Sat1. Following the successful television appearance of the jewelry designer and master goldsmith on the Hamburg 1 television station in February 2021, a [&hellip;]","og_url":"https:\/\/beatrice-mueller.de\/en\/beatrice-mueller-celebrates-the-1st-birthday-of-cunz-x-on-tv\/","og_site_name":"Beatrice M\u00fcller","article_published_time":"2025-02-02T19:46:26+00:00","article_modified_time":"2025-02-02T19:46:27+00:00","og_image":[{"width":1030,"height":685,"url":"https:\/\/beatrice-mueller.de\/wp-content\/uploads\/2021\/02\/mutmacherschmuck-corona-1030x685.jpg","type":"image\/jpeg"}],"author":"gestaltraeume","twitter_card":"summary_large_image","twitter_misc":{"Written by":"gestaltraeume","Est. reading time":"3 minutes"},"schema":{"@context":"https:\/\/schema.org","@graph":[{"@type":"WebPage","@id":"https:\/\/beatrice-mueller.de\/en\/beatrice-mueller-celebrates-the-1st-birthday-of-cunz-x-on-tv\/","url":"https:\/\/beatrice-mueller.de\/en\/beatrice-mueller-celebrates-the-1st-birthday-of-cunz-x-on-tv\/","name":"Beatrice M\u00fcller celebrates the 1st birthday of CuNz-x on TV - Beatrice M\u00fcller","isPartOf":{"@id":"https:\/\/beatrice-mueller.de\/en\/#website"},"primaryImageOfPage":{"@id":"https:\/\/beatrice-mueller.de\/en\/beatrice-mueller-celebrates-the-1st-birthday-of-cunz-x-on-tv\/#primaryimage"},"image":{"@id":"https:\/\/beatrice-mueller.de\/en\/beatrice-mueller-celebrates-the-1st-birthday-of-cunz-x-on-tv\/#primaryimage"},"thumbnailUrl":"https:\/\/beatrice-mueller.de\/wp-content\/uploads\/2021\/02\/mutmacherschmuck-corona-scaled.jpg","datePublished":"2025-02-02T19:46:26+00:00","dateModified":"2025-02-02T19:46:27+00:00","author":{"@id":"https:\/\/beatrice-mueller.de\/en\/#\/schema\/person\/1e6ef6ad64092b9360888930bf3500a4"},"breadcrumb":{"@id":"https:\/\/beatrice-mueller.de\/en\/beatrice-mueller-celebrates-the-1st-birthday-of-cunz-x-on-tv\/#breadcrumb"},"inLanguage":"en-US","potentialAction":[{"@type":"ReadAction","target":["https:\/\/beatrice-mueller.de\/en\/beatrice-mueller-celebrates-the-1st-birthday-of-cunz-x-on-tv\/"]}]},{"@type":"ImageObject","inLanguage":"en-US","@id":"https:\/\/beatrice-mueller.de\/en\/beatrice-mueller-celebrates-the-1st-birthday-of-cunz-x-on-tv\/#primaryimage","url":"https:\/\/beatrice-mueller.de\/wp-content\/uploads\/2021\/02\/mutmacherschmuck-corona-scaled.jpg","contentUrl":"https:\/\/beatrice-mueller.de\/wp-content\/uploads\/2021\/02\/mutmacherschmuck-corona-scaled.jpg","width":2560,"height":1702},{"@type":"BreadcrumbList","@id":"https:\/\/beatrice-mueller.de\/en\/beatrice-mueller-celebrates-the-1st-birthday-of-cunz-x-on-tv\/#breadcrumb","itemListElement":[{"@type":"ListItem","position":1,"name":"Startseite","item":"https:\/\/beatrice-mueller.de\/en\/"},{"@type":"ListItem","position":2,"name":"Beatrice M\u00fcller celebrates the 1st birthday of CuNz-x on TV"}]},{"@type":"WebSite","@id":"https:\/\/beatrice-mueller.de\/en\/#website","url":"https:\/\/beatrice-mueller.de\/en\/","name":"Beatrice M\u00fcller","description":"Schmuckdesign","potentialAction":[{"@type":"SearchAction","target":{"@type":"EntryPoint","urlTemplate":"https:\/\/beatrice-mueller.de\/en\/?s={search_term_string}"},"query-input":{"@type":"PropertyValueSpecification","valueRequired":true,"valueName":"search_term_string"}}],"inLanguage":"en-US"},{"@type":"Person","@id":"https:\/\/beatrice-mueller.de\/en\/#\/schema\/person\/1e6ef6ad64092b9360888930bf3500a4","name":"gestaltraeume","sameAs":["https:\/\/beatrice-mueller.de"]}]}},"_links":{"self":[{"href":"https:\/\/beatrice-mueller.de\/en\/wp-json\/wp\/v2\/posts\/18877","targetHints":{"allow":["GET"]}}],"collection":[{"href":"https:\/\/beatrice-mueller.de\/en\/wp-json\/wp\/v2\/posts"}],"about":[{"href":"https:\/\/beatrice-mueller.de\/en\/wp-json\/wp\/v2\/types\/post"}],"author":[{"embeddable":true,"href":"https:\/\/beatrice-mueller.de\/en\/wp-json\/wp\/v2\/users\/1"}],"replies":[{"embeddable":true,"href":"https:\/\/beatrice-mueller.de\/en\/wp-json\/wp\/v2\/comments?post=18877"}],"version-history":[{"count":2,"href":"https:\/\/beatrice-mueller.de\/en\/wp-json\/wp\/v2\/posts\/18877\/revisions"}],"predecessor-version":[{"id":18879,"href":"https:\/\/beatrice-mueller.de\/en\/wp-json\/wp\/v2\/posts\/18877\/revisions\/18879"}],"wp:featuredmedia":[{"embeddable":true,"href":"https:\/\/beatrice-mueller.de\/en\/wp-json\/wp\/v2\/media\/3530"}],"wp:attachment":[{"href":"https:\/\/beatrice-mueller.de\/en\/wp-json\/wp\/v2\/media?parent=18877"}],"wp:term":[{"taxonomy":"category","embeddable":true,"href":"https:\/\/beatrice-mueller.de\/en\/wp-json\/wp\/v2\/categories?post=18877"},{"taxonomy":"post_tag","embeddable":true,"href":"https:\/\/beatrice-mueller.de\/en\/wp-json\/wp\/v2\/tags?post=18877"}],"curies":[{"name":"wp","href":"https:\/\/api.w.org\/{rel}","templated":true}]}}